{"id":249,"date":"2024-02-29T09:08:00","date_gmt":"2024-02-29T08:08:00","guid":{"rendered":"https:\/\/www.abcdrduson.com\/2024\/?p=249"},"modified":"2024-12-29T22:20:42","modified_gmt":"2024-12-29T21:20:42","slug":"kaaris-a-laccor-arena","status":"publish","type":"post","link":"https:\/\/www.abcdrduson.com\/special\/annee-rap-2024\/lives\/kaaris-a-laccor-arena\/","title":{"rendered":"Kaaris \u00e0 l&rsquo;Accor Arena"},"content":{"rendered":"\n<p>Dix ans apr\u00e8s avoir l\u00e2ch\u00e9 le pav\u00e9 <em>Or Noir<\/em> dans la mare de la trap francophone, Kaaris a d\u00e9montr\u00e9 que cet album n\u2019a rien perdu de sa violence ni de sa symbolique. Les 17 et 29 f\u00e9vrier 2024, l\u2019Accor Arena a \u00e9t\u00e9 prise d\u2019assaut pour un moment marquant les m\u00e9moires de ceux pr\u00e9sents. Une c\u00e9l\u00e9bration brute, qui ne faisait pas dans la dentelle, \u00e0 l\u2019instar des dix-sept titres sortis en octobre 2013.&nbsp;<\/p>\n\n\n\n<p>Avant que le K double A n\u2019entre en sc\u00e8ne, le public \u00e9tait d\u2019ores et d\u00e9j\u00e0 en transe, de la fosse aux gradins, comme si une bataille se pr\u00e9parait. <a href=\"https:\/\/www.tiktok.com\/@pewfan8\/video\/7337011855107296545?lang=fr&amp;q=kaaris%20cuillere%20accor%20arena&amp;t=1735042750343\" target=\"_blank\" rel=\"noreferrer noopener\">Tabliers et cuill\u00e8res en bois en guise d\u2019armements<\/a> pour \u00eatre en accord avec les premi\u00e8res mesures de \u00ab\u00a0D\u00e8s Le D\u00e9part\u00a0\u00bb :\u00a0 <em>\u00ab\u00a0J\u2019suis dans la cuisine tu bouffes ce que je te pr\u00e9pare.\u00a0\u00bb<\/em> Des fumig\u00e8nes allum\u00e9s d\u00e8s le premier morceau jou\u00e9, c\u2019est dans une ambiance suffocante que le concert a alors commenc\u00e9 avec rien de moins que le refrain de \u00ab\u00a0Zoo\u00a0\u00bb. Ce dernier stopp\u00e9 net pour faire place \u00e0 l\u2019intro \u201cBizon\u201d qui a donn\u00e9 la marche \u00e0 suivre pour tout le reste du spectacle : faire trembler l\u2019Accor Arena.\u00a0<br><br>Attente rime parfois avec d\u00e9ception, mais il y a de ces rares moments o\u00f9 celle-ci se fait d\u00e9pass\u00e9e, laissant derri\u00e8re elle une euphorie g\u00e9n\u00e9r\u00e9e par l\u2019effet de surprise. De fait, c\u00e9l\u00e9brer un album ayant d\u00e9barqu\u00e9 comme un coup de poing dans le paysage rap des ann\u00e9es 2010 n\u2019\u00e9tait pas t\u00e2che ais\u00e9e, au risque de le faire r\u00e9sonner de mani\u00e8re ringarde. Le public ne s\u2019attendait n\u00e9anmoins pas \u00e0 baigner autant dans l\u2019univers sombre et crapuleux de l\u2019album. Voir arriver un AMG 63 sur sc\u00e8ne pour le titre \u00e9ponyme (\u00ab\u00a063\u00a0\u00bb), ou encore toute une \u00e9quipe de danseuses strip sur \u00ab\u00a0Se-vrak\u00a0\u00bb n\u2019\u00e9tait pas dans les pronostics. Le tout plomb\u00e9 par des fum\u00e9es \u00e9paisses et un climat obscur.<br><br>Au del\u00e0 de rendre \u00e0<em> Or Noir <\/em>ce qui appartient \u00e0 <em>Or Noir<\/em>, Kaaris a permis de cr\u00e9er une c\u00e9l\u00e9bration de cette trap qui a fa\u00e7onn\u00e9 plusieurs g\u00e9n\u00e9rations. C\u2019\u00e9tait comme si ce moment n\u2019arriverait qu\u2019une seule fois. La communion \u00e9tait totale, presque mystique, et l\u2019\u00e9nergie \u00e9tait viralement contagieuse lorsque chaque morceau sonnait ou qu\u2019un artiste rejoignait le dozo sur sc\u00e8ne. Un moment particuli\u00e8rement fort lors de l\u2019arriv\u00e9e du groupe XVBARBAR pour interpr\u00e9ter le titre \u00ab\u00a0C\u2019est la base\u00a0\u00bb. Peu de paillettes, pas de fioritures : des kicks lourds, des nappes de synth\u00e9s inqui\u00e9tantes et une bonne dose de paroles crues.<br><br>Pour sonner le glas, c\u2019est l\u2019hymne \u00ab\u00a0Or Noir\u00a0\u00bb qui fut jou\u00e9 deux fois, laissant ensuite couler la prod sur toute la fin, comme pour raccompagner son public de ce moment plong\u00e9 dix ans en arri\u00e8re. \u00c0 la sortie, visages et corps en sueur comme t\u00e9moins d\u2019un \u00e9v\u00e9nement qui puait le rap. Deux dates marqu\u00e9es au fer noir car dix ans apr\u00e8s, <em>Or Noir<\/em> reste intact. <em>\u2013 In\u00e8s<\/em><\/p>\n","protected":false},"excerpt":{"rendered":"<p>Dix ans apr\u00e8s avoir l\u00e2ch\u00e9 le pav\u00e9 Or Noir dans la mare de la trap francophone, Kaaris a d\u00e9montr\u00e9 que cet album n\u2019a rien perdu de sa violence ni de sa symbolique. Les 17 et 29 f\u00e9vrier 2024, l\u2019Accor Arena a \u00e9t\u00e9 prise d\u2019assaut pour un moment marquant les m\u00e9moires de ceux pr\u00e9sents. Une c\u00e9l\u00e9bration [&hellip;]<\/p>\n","protected":false},"author":1,"featured_media":0,"comment_status":"open","ping_status":"open","sticky":false,"template":"","format":"standard","meta":{"_acf_changed":false,"footnotes":""},"categories":[8],"tags":[],"class_list":["post-249","post","type-post","status-publish","format-standard","hentry","category-lives"],"acf":[],"_links":{"self":[{"href":"https:\/\/www.abcdrduson.com\/special\/annee-rap-2024\/wp-json\/wp\/v2\/posts\/249","targetHints":{"allow":["GET"]}}],"collection":[{"href":"https:\/\/www.abcdrduson.com\/special\/annee-rap-2024\/wp-json\/wp\/v2\/posts"}],"about":[{"href":"https:\/\/www.abcdrduson.com\/special\/annee-rap-2024\/wp-json\/wp\/v2\/types\/post"}],"author":[{"embeddable":true,"href":"https:\/\/www.abcdrduson.com\/special\/annee-rap-2024\/wp-json\/wp\/v2\/users\/1"}],"replies":[{"embeddable":true,"href":"https:\/\/www.abcdrduson.com\/special\/annee-rap-2024\/wp-json\/wp\/v2\/comments?post=249"}],"version-history":[{"count":4,"href":"https:\/\/www.abcdrduson.com\/special\/annee-rap-2024\/wp-json\/wp\/v2\/posts\/249\/revisions"}],"predecessor-version":[{"id":523,"href":"https:\/\/www.abcdrduson.com\/special\/annee-rap-2024\/wp-json\/wp\/v2\/posts\/249\/revisions\/523"}],"wp:attachment":[{"href":"https:\/\/www.abcdrduson.com\/special\/annee-rap-2024\/wp-json\/wp\/v2\/media?parent=249"}],"wp:term":[{"taxonomy":"category","embeddable":true,"href":"https:\/\/www.abcdrduson.com\/special\/annee-rap-2024\/wp-json\/wp\/v2\/categories?post=249"},{"taxonomy":"post_tag","embeddable":true,"href":"https:\/\/www.abcdrduson.com\/special\/annee-rap-2024\/wp-json\/wp\/v2\/tags?post=249"}],"curies":[{"name":"wp","href":"https:\/\/api.w.org\/{rel}","templated":true}]}}