{"id":382,"date":"2020-07-29T16:24:00","date_gmt":"2020-07-29T14:24:00","guid":{"rendered":"https:\/\/www.abcdrduson.com\/special\/annee-rap-2020\/?p=382"},"modified":"2021-01-03T22:55:09","modified_gmt":"2021-01-03T21:55:09","slug":"greg-guillotin-lance-la-carriere-dun-rappeur","status":"publish","type":"post","link":"https:\/\/www.abcdrduson.com\/special\/annee-rap-2020\/greg-guillotin-lance-la-carriere-dun-rappeur\/","title":{"rendered":"Greg Guillotin lance la carri\u00e8re d\u2019un\u00a0rappeur"},"content":{"rendered":"\n<p>Fini les directeurs artistiques et les p\u00e9pites d\u00e9nich\u00e9es sur internet. En 2020, pour percer dans le rap fran\u00e7ais, il faut faire une cam\u00e9ra cach\u00e9e avec Le Pire Stagiaire. C\u2019est ce qui est arriv\u00e9 au rappeur lillois JNR, pi\u00e9g\u00e9 par Greg Guillotin sur YouTube. Anonyme jusqu\u2019ici, celui qui a impressionn\u00e9 internet par son calme d\u2019aplomb rentre dans les Top 50 des plateformes de streaming d\u00e8s la publication de la vid\u00e9o de Greg Guillotin, qui comptabilise aujourd\u2019hui vingt millions de vues. JNR lui, doit encore sortir un premier projet pour montrer qu&rsquo;il vaut mieux qu&rsquo;un clip tourn\u00e9 avec Louis Vignac. Comme quoi, une carri\u00e8re, \u00e7a ne tient pas \u00e0 grand-chose. <em>\u2014 Brice<\/em><\/p>\n\n\n\n<figure class=\"wp-block-embed is-type-video is-provider-youtube wp-block-embed-youtube wp-embed-aspect-16-9 wp-has-aspect-ratio\"><div class=\"wp-block-embed__wrapper\">\n<iframe loading=\"lazy\" title=\"Le Pire Stagiaire : Le rappeur\" width=\"640\" height=\"360\" src=\"https:\/\/www.youtube.com\/embed\/4o8Qk1NUiyQ?feature=oembed\" frameborder=\"0\" allow=\"accelerometer; autoplay; clipboard-write; encrypted-media; gyroscope; picture-in-picture; web-share\" referrerpolicy=\"strict-origin-when-cross-origin\" allowfullscreen><\/iframe>\n<\/div><\/figure>\n","protected":false},"excerpt":{"rendered":"<p>Fini les directeurs artistiques et les p\u00e9pites d\u00e9nich\u00e9es sur internet. En 2020, pour percer dans le rap fran\u00e7ais, il faut faire une cam\u00e9ra cach\u00e9e avec Le Pire Stagiaire. C\u2019est ce qui est arriv\u00e9 au rappeur lillois JNR, pi\u00e9g\u00e9 par Greg Guillotin sur YouTube. Anonyme jusqu\u2019ici, celui qui a impressionn\u00e9 internet par son calme d\u2019aplomb rentre [&hellip;]<\/p>\n","protected":false},"author":1,"featured_media":1111,"comment_status":"open","ping_status":"open","sticky":false,"template":"","format":"standard","meta":{"_acf_changed":false,"footnotes":""},"categories":[1],"tags":[5],"class_list":["post-382","post","type-post","status-publish","format-standard","has-post-thumbnail","hentry","category-non-classe","tag-evenements"],"acf":[],"yoast_head":"<!-- This site is optimized with the Yoast SEO plugin v23.9 - https:\/\/yoast.com\/wordpress\/plugins\/seo\/ -->\n<title>Greg Guillotin lance la carri\u00e8re d\u2019un rappeur - Abcdr du Son - L&#039;ann\u00e9e Rap 2020<\/title>\n<meta name=\"robots\" content=\"index, follow, max-snippet:-1, max-image-preview:large, max-video-preview:-1\" \/>\n<link rel=\"canonical\" href=\"https:\/\/www.abcdrduson.com\/special\/annee-rap-2020\/greg-guillotin-lance-la-carriere-dun-rappeur\/\" \/>\n<meta property=\"og:locale\" content=\"fr_FR\" \/>\n<meta property=\"og:type\" content=\"article\" \/>\n<meta property=\"og:title\" content=\"Greg Guillotin lance la carri\u00e8re d\u2019un rappeur - Abcdr du Son - L&#039;ann\u00e9e Rap 2020\" \/>\n<meta property=\"og:description\" content=\"Fini les directeurs artistiques et les p\u00e9pites d\u00e9nich\u00e9es sur internet. En 2020, pour percer dans le rap fran\u00e7ais, il faut faire une cam\u00e9ra cach\u00e9e avec Le Pire Stagiaire. C\u2019est ce qui est arriv\u00e9 au rappeur lillois JNR, pi\u00e9g\u00e9 par Greg Guillotin sur YouTube. Anonyme jusqu\u2019ici, celui qui a impressionn\u00e9 internet par son calme d\u2019aplomb rentre [&hellip;]\" \/>\n<meta property=\"og:url\" content=\"https:\/\/www.abcdrduson.com\/special\/annee-rap-2020\/greg-guillotin-lance-la-carriere-dun-rappeur\/\" \/>\n<meta property=\"og:site_name\" content=\"Abcdr du Son - L&#039;ann\u00e9e Rap 2020\" \/>\n<meta property=\"article:publisher\" content=\"https:\/\/www.facebook.com\/abcdrduson\" \/>\n<meta property=\"article:published_time\" content=\"2020-07-29T14:24:00+00:00\" \/>\n<meta property=\"article:modified_time\" content=\"2021-01-03T21:55:09+00:00\" \/>\n<meta property=\"og:image\" content=\"https:\/\/www.abcdrduson.com\/special\/annee-rap-2020\/wp-content\/uploads\/2020\/07\/15-greg-guillotin-jnl.jpg\" \/>\n\t<meta property=\"og:image:width\" content=\"900\" \/>\n\t<meta property=\"og:image:height\" content=\"1200\" \/>\n\t<meta property=\"og:image:type\" content=\"image\/jpeg\" \/>\n<meta name=\"author\" content=\"abcdr2020_1497\" \/>\n<meta name=\"twitter:card\" content=\"summary_large_image\" \/>\n<meta name=\"twitter:creator\" content=\"@abcdrduson\" \/>\n<meta name=\"twitter:site\" content=\"@abcdrduson\" \/>\n<meta name=\"twitter:label1\" content=\"\u00c9crit par\" \/>\n\t<meta name=\"twitter:data1\" content=\"abcdr2020_1497\" \/>\n\t<meta name=\"twitter:label2\" content=\"Dur\u00e9e de lecture estim\u00e9e\" \/>\n\t<meta name=\"twitter:data2\" content=\"1 minute\" \/>\n<script type=\"application\/ld+json\" class=\"yoast-schema-graph\">{\"@context\":\"https:\/\/schema.org\",\"@graph\":[{\"@type\":\"Article\",\"@id\":\"https:\/\/www.abcdrduson.com\/special\/annee-rap-2020\/greg-guillotin-lance-la-carriere-dun-rappeur\/#article\",\"isPartOf\":{\"@id\":\"https:\/\/www.abcdrduson.com\/special\/annee-rap-2020\/greg-guillotin-lance-la-carriere-dun-rappeur\/\"},\"author\":{\"name\":\"abcdr2020_1497\",\"@id\":\"https:\/\/www.abcdrduson.com\/special\/annee-rap-2020\/#\/schema\/person\/f4e95babf8f8bfed85085f0ac9e37ddb\"},\"headline\":\"Greg Guillotin lance la carri\u00e8re d\u2019un\u00a0rappeur\",\"datePublished\":\"2020-07-29T14:24:00+00:00\",\"dateModified\":\"2021-01-03T21:55:09+00:00\",\"mainEntityOfPage\":{\"@id\":\"https:\/\/www.abcdrduson.com\/special\/annee-rap-2020\/greg-guillotin-lance-la-carriere-dun-rappeur\/\"},\"wordCount\":135,\"commentCount\":0,\"publisher\":{\"@id\":\"https:\/\/www.abcdrduson.com\/special\/annee-rap-2020\/#organization\"},\"image\":{\"@id\":\"https:\/\/www.abcdrduson.com\/special\/annee-rap-2020\/greg-guillotin-lance-la-carriere-dun-rappeur\/#primaryimage\"},\"thumbnailUrl\":\"https:\/\/www.abcdrduson.com\/special\/annee-rap-2020\/wp-content\/uploads\/2020\/07\/15-greg-guillotin-jnl.jpg\",\"keywords\":[\"\u00c9v\u00e9nements\"],\"inLanguage\":\"fr-FR\",\"potentialAction\":[{\"@type\":\"CommentAction\",\"name\":\"Comment\",\"target\":[\"https:\/\/www.abcdrduson.com\/special\/annee-rap-2020\/greg-guillotin-lance-la-carriere-dun-rappeur\/#respond\"]}]},{\"@type\":\"WebPage\",\"@id\":\"https:\/\/www.abcdrduson.com\/special\/annee-rap-2020\/greg-guillotin-lance-la-carriere-dun-rappeur\/\",\"url\":\"https:\/\/www.abcdrduson.com\/special\/annee-rap-2020\/greg-guillotin-lance-la-carriere-dun-rappeur\/\",\"name\":\"Greg Guillotin lance la carri\u00e8re d\u2019un rappeur - Abcdr du Son - L&#039;ann\u00e9e Rap 2020\",\"isPartOf\":{\"@id\":\"https:\/\/www.abcdrduson.com\/special\/annee-rap-2020\/#website\"},\"primaryImageOfPage\":{\"@id\":\"https:\/\/www.abcdrduson.com\/special\/annee-rap-2020\/greg-guillotin-lance-la-carriere-dun-rappeur\/#primaryimage\"},\"image\":{\"@id\":\"https:\/\/www.abcdrduson.com\/special\/annee-rap-2020\/greg-guillotin-lance-la-carriere-dun-rappeur\/#primaryimage\"},\"thumbnailUrl\":\"https:\/\/www.abcdrduson.com\/special\/annee-rap-2020\/wp-content\/uploads\/2020\/07\/15-greg-guillotin-jnl.jpg\",\"datePublished\":\"2020-07-29T14:24:00+00:00\",\"dateModified\":\"2021-01-03T21:55:09+00:00\",\"breadcrumb\":{\"@id\":\"https:\/\/www.abcdrduson.com\/special\/annee-rap-2020\/greg-guillotin-lance-la-carriere-dun-rappeur\/#breadcrumb\"},\"inLanguage\":\"fr-FR\",\"potentialAction\":[{\"@type\":\"ReadAction\",\"target\":[\"https:\/\/www.abcdrduson.com\/special\/annee-rap-2020\/greg-guillotin-lance-la-carriere-dun-rappeur\/\"]}]},{\"@type\":\"ImageObject\",\"inLanguage\":\"fr-FR\",\"@id\":\"https:\/\/www.abcdrduson.com\/special\/annee-rap-2020\/greg-guillotin-lance-la-carriere-dun-rappeur\/#primaryimage\",\"url\":\"https:\/\/www.abcdrduson.com\/special\/annee-rap-2020\/wp-content\/uploads\/2020\/07\/15-greg-guillotin-jnl.jpg\",\"contentUrl\":\"https:\/\/www.abcdrduson.com\/special\/annee-rap-2020\/wp-content\/uploads\/2020\/07\/15-greg-guillotin-jnl.jpg\",\"width\":\"900\",\"height\":\"1200\"},{\"@type\":\"BreadcrumbList\",\"@id\":\"https:\/\/www.abcdrduson.com\/special\/annee-rap-2020\/greg-guillotin-lance-la-carriere-dun-rappeur\/#breadcrumb\",\"itemListElement\":[{\"@type\":\"ListItem\",\"position\":1,\"name\":\"Accueil\",\"item\":\"https:\/\/www.abcdrduson.com\/special\/annee-rap-2020\/\"},{\"@type\":\"ListItem\",\"position\":2,\"name\":\"Greg Guillotin lance la carri\u00e8re d\u2019un\u00a0rappeur\"}]},{\"@type\":\"WebSite\",\"@id\":\"https:\/\/www.abcdrduson.com\/special\/annee-rap-2020\/#website\",\"url\":\"https:\/\/www.abcdrduson.com\/special\/annee-rap-2020\/\",\"name\":\"Abcdr du Son - L'ann\u00e9e Rap 2020\",\"description\":\"\",\"publisher\":{\"@id\":\"https:\/\/www.abcdrduson.com\/special\/annee-rap-2020\/#organization\"},\"potentialAction\":[{\"@type\":\"SearchAction\",\"target\":{\"@type\":\"EntryPoint\",\"urlTemplate\":\"https:\/\/www.abcdrduson.com\/special\/annee-rap-2020\/?s={search_term_string}\"},\"query-input\":{\"@type\":\"PropertyValueSpecification\",\"valueRequired\":true,\"valueName\":\"search_term_string\"}}],\"inLanguage\":\"fr-FR\"},{\"@type\":\"Organization\",\"@id\":\"https:\/\/www.abcdrduson.com\/special\/annee-rap-2020\/#organization\",\"name\":\"Abcdr du Son\",\"url\":\"https:\/\/www.abcdrduson.com\/special\/annee-rap-2020\/\",\"logo\":{\"@type\":\"ImageObject\",\"inLanguage\":\"fr-FR\",\"@id\":\"https:\/\/www.abcdrduson.com\/special\/annee-rap-2020\/#\/schema\/logo\/image\/\",\"url\":\"https:\/\/www.abcdrduson.com\/special\/annee-rap-2020\/wp-content\/uploads\/2020\/12\/favico-abcdr.png\",\"contentUrl\":\"https:\/\/www.abcdrduson.com\/special\/annee-rap-2020\/wp-content\/uploads\/2020\/12\/favico-abcdr.png\",\"width\":512,\"height\":527,\"caption\":\"Abcdr du Son\"},\"image\":{\"@id\":\"https:\/\/www.abcdrduson.com\/special\/annee-rap-2020\/#\/schema\/logo\/image\/\"},\"sameAs\":[\"https:\/\/www.facebook.com\/abcdrduson\",\"https:\/\/x.com\/abcdrduson\",\"https:\/\/www.instagram.com\/abcdrduson\/\",\"https:\/\/www.youtube.com\/user\/abcdrduson\"]},{\"@type\":\"Person\",\"@id\":\"https:\/\/www.abcdrduson.com\/special\/annee-rap-2020\/#\/schema\/person\/f4e95babf8f8bfed85085f0ac9e37ddb\",\"name\":\"abcdr2020_1497\",\"image\":{\"@type\":\"ImageObject\",\"inLanguage\":\"fr-FR\",\"@id\":\"https:\/\/www.abcdrduson.com\/special\/annee-rap-2020\/#\/schema\/person\/image\/\",\"url\":\"https:\/\/secure.gravatar.com\/avatar\/146490c536ea96f6d3b635973ce83c3517f77fd783b779591f8638e3c7536a10?s=96&d=mm&r=g\",\"contentUrl\":\"https:\/\/secure.gravatar.com\/avatar\/146490c536ea96f6d3b635973ce83c3517f77fd783b779591f8638e3c7536a10?s=96&d=mm&r=g\",\"caption\":\"abcdr2020_1497\"},\"sameAs\":[\"https:\/\/www.abcdrduson.com\/special\/annee-rap-2020\"]}]}<\/script>\n<!-- \/ Yoast SEO plugin. -->","yoast_head_json":{"title":"Greg Guillotin lance la carri\u00e8re d\u2019un rappeur - Abcdr du Son - L&#039;ann\u00e9e Rap 2020","robots":{"index":"index","follow":"follow","max-snippet":"max-snippet:-1","max-image-preview":"max-image-preview:large","max-video-preview":"max-video-preview:-1"},"canonical":"https:\/\/www.abcdrduson.com\/special\/annee-rap-2020\/greg-guillotin-lance-la-carriere-dun-rappeur\/","og_locale":"fr_FR","og_type":"article","og_title":"Greg Guillotin lance la carri\u00e8re d\u2019un rappeur - Abcdr du Son - L&#039;ann\u00e9e Rap 2020","og_description":"Fini les directeurs artistiques et les p\u00e9pites d\u00e9nich\u00e9es sur internet. En 2020, pour percer dans le rap fran\u00e7ais, il faut faire une cam\u00e9ra cach\u00e9e avec Le Pire Stagiaire. C\u2019est ce qui est arriv\u00e9 au rappeur lillois JNR, pi\u00e9g\u00e9 par Greg Guillotin sur YouTube. Anonyme jusqu\u2019ici, celui qui a impressionn\u00e9 internet par son calme d\u2019aplomb rentre [&hellip;]","og_url":"https:\/\/www.abcdrduson.com\/special\/annee-rap-2020\/greg-guillotin-lance-la-carriere-dun-rappeur\/","og_site_name":"Abcdr du Son - L&#039;ann\u00e9e Rap 2020","article_publisher":"https:\/\/www.facebook.com\/abcdrduson","article_published_time":"2020-07-29T14:24:00+00:00","article_modified_time":"2021-01-03T21:55:09+00:00","og_image":[{"width":900,"height":1200,"url":"https:\/\/www.abcdrduson.com\/special\/annee-rap-2020\/wp-content\/uploads\/2020\/07\/15-greg-guillotin-jnl.jpg","type":"image\/jpeg"}],"author":"abcdr2020_1497","twitter_card":"summary_large_image","twitter_creator":"@abcdrduson","twitter_site":"@abcdrduson","twitter_misc":{"\u00c9crit par":"abcdr2020_1497","Dur\u00e9e de lecture estim\u00e9e":"1 minute"},"schema":{"@context":"https:\/\/schema.org","@graph":[{"@type":"Article","@id":"https:\/\/www.abcdrduson.com\/special\/annee-rap-2020\/greg-guillotin-lance-la-carriere-dun-rappeur\/#article","isPartOf":{"@id":"https:\/\/www.abcdrduson.com\/special\/annee-rap-2020\/greg-guillotin-lance-la-carriere-dun-rappeur\/"},"author":{"name":"abcdr2020_1497","@id":"https:\/\/www.abcdrduson.com\/special\/annee-rap-2020\/#\/schema\/person\/f4e95babf8f8bfed85085f0ac9e37ddb"},"headline":"Greg Guillotin lance la carri\u00e8re d\u2019un\u00a0rappeur","datePublished":"2020-07-29T14:24:00+00:00","dateModified":"2021-01-03T21:55:09+00:00","mainEntityOfPage":{"@id":"https:\/\/www.abcdrduson.com\/special\/annee-rap-2020\/greg-guillotin-lance-la-carriere-dun-rappeur\/"},"wordCount":135,"commentCount":0,"publisher":{"@id":"https:\/\/www.abcdrduson.com\/special\/annee-rap-2020\/#organization"},"image":{"@id":"https:\/\/www.abcdrduson.com\/special\/annee-rap-2020\/greg-guillotin-lance-la-carriere-dun-rappeur\/#primaryimage"},"thumbnailUrl":"https:\/\/www.abcdrduson.com\/special\/annee-rap-2020\/wp-content\/uploads\/2020\/07\/15-greg-guillotin-jnl.jpg","keywords":["\u00c9v\u00e9nements"],"inLanguage":"fr-FR","potentialAction":[{"@type":"CommentAction","name":"Comment","target":["https:\/\/www.abcdrduson.com\/special\/annee-rap-2020\/greg-guillotin-lance-la-carriere-dun-rappeur\/#respond"]}]},{"@type":"WebPage","@id":"https:\/\/www.abcdrduson.com\/special\/annee-rap-2020\/greg-guillotin-lance-la-carriere-dun-rappeur\/","url":"https:\/\/www.abcdrduson.com\/special\/annee-rap-2020\/greg-guillotin-lance-la-carriere-dun-rappeur\/","name":"Greg Guillotin lance la carri\u00e8re d\u2019un rappeur - Abcdr du Son - L&#039;ann\u00e9e Rap 2020","isPartOf":{"@id":"https:\/\/www.abcdrduson.com\/special\/annee-rap-2020\/#website"},"primaryImageOfPage":{"@id":"https:\/\/www.abcdrduson.com\/special\/annee-rap-2020\/greg-guillotin-lance-la-carriere-dun-rappeur\/#primaryimage"},"image":{"@id":"https:\/\/www.abcdrduson.com\/special\/annee-rap-2020\/greg-guillotin-lance-la-carriere-dun-rappeur\/#primaryimage"},"thumbnailUrl":"https:\/\/www.abcdrduson.com\/special\/annee-rap-2020\/wp-content\/uploads\/2020\/07\/15-greg-guillotin-jnl.jpg","datePublished":"2020-07-29T14:24:00+00:00","dateModified":"2021-01-03T21:55:09+00:00","breadcrumb":{"@id":"https:\/\/www.abcdrduson.com\/special\/annee-rap-2020\/greg-guillotin-lance-la-carriere-dun-rappeur\/#breadcrumb"},"inLanguage":"fr-FR","potentialAction":[{"@type":"ReadAction","target":["https:\/\/www.abcdrduson.com\/special\/annee-rap-2020\/greg-guillotin-lance-la-carriere-dun-rappeur\/"]}]},{"@type":"ImageObject","inLanguage":"fr-FR","@id":"https:\/\/www.abcdrduson.com\/special\/annee-rap-2020\/greg-guillotin-lance-la-carriere-dun-rappeur\/#primaryimage","url":"https:\/\/www.abcdrduson.com\/special\/annee-rap-2020\/wp-content\/uploads\/2020\/07\/15-greg-guillotin-jnl.jpg","contentUrl":"https:\/\/www.abcdrduson.com\/special\/annee-rap-2020\/wp-content\/uploads\/2020\/07\/15-greg-guillotin-jnl.jpg","width":"900","height":"1200"},{"@type":"BreadcrumbList","@id":"https:\/\/www.abcdrduson.com\/special\/annee-rap-2020\/greg-guillotin-lance-la-carriere-dun-rappeur\/#breadcrumb","itemListElement":[{"@type":"ListItem","position":1,"name":"Accueil","item":"https:\/\/www.abcdrduson.com\/special\/annee-rap-2020\/"},{"@type":"ListItem","position":2,"name":"Greg Guillotin lance la carri\u00e8re d\u2019un\u00a0rappeur"}]},{"@type":"WebSite","@id":"https:\/\/www.abcdrduson.com\/special\/annee-rap-2020\/#website","url":"https:\/\/www.abcdrduson.com\/special\/annee-rap-2020\/","name":"Abcdr du Son - L'ann\u00e9e Rap 2020","description":"","publisher":{"@id":"https:\/\/www.abcdrduson.com\/special\/annee-rap-2020\/#organization"},"potentialAction":[{"@type":"SearchAction","target":{"@type":"EntryPoint","urlTemplate":"https:\/\/www.abcdrduson.com\/special\/annee-rap-2020\/?s={search_term_string}"},"query-input":{"@type":"PropertyValueSpecification","valueRequired":true,"valueName":"search_term_string"}}],"inLanguage":"fr-FR"},{"@type":"Organization","@id":"https:\/\/www.abcdrduson.com\/special\/annee-rap-2020\/#organization","name":"Abcdr du Son","url":"https:\/\/www.abcdrduson.com\/special\/annee-rap-2020\/","logo":{"@type":"ImageObject","inLanguage":"fr-FR","@id":"https:\/\/www.abcdrduson.com\/special\/annee-rap-2020\/#\/schema\/logo\/image\/","url":"https:\/\/www.abcdrduson.com\/special\/annee-rap-2020\/wp-content\/uploads\/2020\/12\/favico-abcdr.png","contentUrl":"https:\/\/www.abcdrduson.com\/special\/annee-rap-2020\/wp-content\/uploads\/2020\/12\/favico-abcdr.png","width":512,"height":527,"caption":"Abcdr du Son"},"image":{"@id":"https:\/\/www.abcdrduson.com\/special\/annee-rap-2020\/#\/schema\/logo\/image\/"},"sameAs":["https:\/\/www.facebook.com\/abcdrduson","https:\/\/x.com\/abcdrduson","https:\/\/www.instagram.com\/abcdrduson\/","https:\/\/www.youtube.com\/user\/abcdrduson"]},{"@type":"Person","@id":"https:\/\/www.abcdrduson.com\/special\/annee-rap-2020\/#\/schema\/person\/f4e95babf8f8bfed85085f0ac9e37ddb","name":"abcdr2020_1497","image":{"@type":"ImageObject","inLanguage":"fr-FR","@id":"https:\/\/www.abcdrduson.com\/special\/annee-rap-2020\/#\/schema\/person\/image\/","url":"https:\/\/secure.gravatar.com\/avatar\/146490c536ea96f6d3b635973ce83c3517f77fd783b779591f8638e3c7536a10?s=96&d=mm&r=g","contentUrl":"https:\/\/secure.gravatar.com\/avatar\/146490c536ea96f6d3b635973ce83c3517f77fd783b779591f8638e3c7536a10?s=96&d=mm&r=g","caption":"abcdr2020_1497"},"sameAs":["https:\/\/www.abcdrduson.com\/special\/annee-rap-2020"]}]}},"subHead":"Cam\u00e9ra cach\u00e9e","featuredImage":"https:\/\/www.abcdrduson.com\/special\/annee-rap-2020\/wp-content\/uploads\/2020\/07\/15-greg-guillotin-jnl-576x806.jpg","featuredImage2x":"https:\/\/www.abcdrduson.com\/special\/annee-rap-2020\/wp-content\/uploads\/2020\/07\/15-greg-guillotin-jnl-1152x1612.jpg","featuredImageLarge":"https:\/\/www.abcdrduson.com\/special\/annee-rap-2020\/wp-content\/uploads\/2020\/07\/15-greg-guillotin-jnl-768x1075.jpg","featuredImageLarge2x":"https:\/\/www.abcdrduson.com\/special\/annee-rap-2020\/wp-content\/uploads\/2020\/07\/15-greg-guillotin-jnl-1536x2150.jpg","nextPost":"<div data-id=\"540\" class=\"archive-item  archive-item-next\"><a href=\"https:\/\/www.abcdrduson.com\/special\/annee-rap-2020\/stop-au-eminem-bashing\/\">Stop au Eminem\u00a0Bashing<\/a><\/div>","prevPost":"<div data-id=\"830\" class=\"archive-item archive-item-prev\"><a href=\"https:\/\/www.abcdrduson.com\/special\/annee-rap-2020\/muge-knight-et-relo-une-autre-facette-du-rap-marseillais\/\">Muge Knight et Relo : une autre facette du rap marseillais<\/a><\/div>","next":"<div data-id=\"540\" class=\"archive-item  archive-item-next\"><a href=\"https:\/\/www.abcdrduson.com\/special\/annee-rap-2020\/stop-au-eminem-bashing\/\"><span>Pr\u00e9c\u00e9dent<\/span><svg width=\"35\" height=\"19\" viewBox=\"0 0 35 19\" fill=\"none\" xmlns=\"http:\/\/www.w3.org\/2000\/svg\">\n          <path d=\"M33 17L17.5 2L2 17\" stroke=\"white\" stroke-width=\"2\" stroke-miterlimit=\"10\" stroke-linecap=\"round\" stroke-linejoin=\"round\"\/>\n          <\/svg><\/a><\/div>","previous":"<div data-id=\"830\" class=\"archive-item  archive-item-prev\"><a href=\"https:\/\/www.abcdrduson.com\/special\/annee-rap-2020\/muge-knight-et-relo-une-autre-facette-du-rap-marseillais\/\"><span>Suivant<\/span><svg width=\"35\" height=\"19\" viewBox=\"0 0 35 19\" fill=\"none\" xmlns=\"http:\/\/www.w3.org\/2000\/svg\">\n          <path d=\"M2 2L17.5 17L33 2\" stroke=\"white\" stroke-width=\"2\" stroke-miterlimit=\"10\" stroke-linecap=\"round\" stroke-linejoin=\"round\"\/>\n          <\/svg><\/a><\/div>","_links":{"self":[{"href":"https:\/\/www.abcdrduson.com\/special\/annee-rap-2020\/wp-json\/wp\/v2\/posts\/382","targetHints":{"allow":["GET"]}}],"collection":[{"href":"https:\/\/www.abcdrduson.com\/special\/annee-rap-2020\/wp-json\/wp\/v2\/posts"}],"about":[{"href":"https:\/\/www.abcdrduson.com\/special\/annee-rap-2020\/wp-json\/wp\/v2\/types\/post"}],"author":[{"embeddable":true,"href":"https:\/\/www.abcdrduson.com\/special\/annee-rap-2020\/wp-json\/wp\/v2\/users\/1"}],"replies":[{"embeddable":true,"href":"https:\/\/www.abcdrduson.com\/special\/annee-rap-2020\/wp-json\/wp\/v2\/comments?post=382"}],"version-history":[{"count":5,"href":"https:\/\/www.abcdrduson.com\/special\/annee-rap-2020\/wp-json\/wp\/v2\/posts\/382\/revisions"}],"predecessor-version":[{"id":1478,"href":"https:\/\/www.abcdrduson.com\/special\/annee-rap-2020\/wp-json\/wp\/v2\/posts\/382\/revisions\/1478"}],"wp:featuredmedia":[{"embeddable":true,"href":"https:\/\/www.abcdrduson.com\/special\/annee-rap-2020\/wp-json\/wp\/v2\/media\/1111"}],"wp:attachment":[{"href":"https:\/\/www.abcdrduson.com\/special\/annee-rap-2020\/wp-json\/wp\/v2\/media?parent=382"}],"wp:term":[{"taxonomy":"category","embeddable":true,"href":"https:\/\/www.abcdrduson.com\/special\/annee-rap-2020\/wp-json\/wp\/v2\/categories?post=382"},{"taxonomy":"post_tag","embeddable":true,"href":"https:\/\/www.abcdrduson.com\/special\/annee-rap-2020\/wp-json\/wp\/v2\/tags?post=382"}],"curies":[{"name":"wp","href":"https:\/\/api.w.org\/{rel}","templated":true}]}}